{"id":2345,"date":"2023-12-01T18:28:09","date_gmt":"2023-12-01T21:28:09","guid":{"rendered":"https:\/\/gruposeamaster-site.com.br\/ambiental\/?p=2345"},"modified":"2023-12-01T18:28:09","modified_gmt":"2023-12-01T21:28:09","slug":"importancia-dos-creditos-de-carbono-para-a-manutencao-da-sustentabilidade-ambiental-saiba-mais%ef%bf%bc","status":"publish","type":"post","link":"https:\/\/gruposeamaster-site.com.br\/ambiental\/importancia-dos-creditos-de-carbono-para-a-manutencao-da-sustentabilidade-ambiental-saiba-mais%ef%bf%bc\/","title":{"rendered":"Import\u00e2ncia dos cr\u00e9ditos de carbono para a manuten\u00e7\u00e3o da sustentabilidade ambiental: saiba mais!\ufffc"},"content":{"rendered":"\n<p>Os <strong>cr\u00e9ditos de carbono<\/strong> representam, de modo geral, mecanismos que visam a diminui\u00e7\u00e3o dos <strong>gases de efeito estufa (GEE)<\/strong> e demais gases que podem desencadear diversos problemas ambientais diretamente relacionados \u00e0 mudan\u00e7a clim\u00e1tica. A primeira reuni\u00e3o not\u00e1vel sobre o assunto, foi realizada no ano de 1972, na confer\u00eancia de Estocolmo. O objetivo desse evento estava pautado em compreender as necessidades das gera\u00e7\u00f5es futuras. De acordo com artigo produzido pelo<strong> <\/strong><a href=\"https:\/\/ipam.org.br\/pt\/\"><strong>Instituto de Pesquisa Ambiental da Amaz\u00f4nia (IPAM)<\/strong><\/a>, um dos primeiros eventos foi a <a href=\"https:\/\/ipam.org.br\/glossario\/convencao-quadro-das-nacoes-unidas-sobre-mudanca-do-clima-ou-convencao-do-clima\/\"><strong>Conven\u00e7\u00e3o- Quadro das Na\u00e7\u00f5es Unidas sobre a Mudan\u00e7a Clim\u00e1ticas<\/strong><\/a>, uma confer\u00eancia das Na\u00e7\u00f5es Unidas para tratar sobre o meio ambiente e desenvolvimento, que reuniu mais de 180 pa\u00edses no ano de 1992. No entanto, apenas em 1997 que os cr\u00e9ditos de carbono foram criados. Desse modo, esses cr\u00e9ditos s\u00e3o importantes para manter o equil\u00edbrio das<strong> emiss\u00f5es de carbono <\/strong>e no combate \u00e0s mudan\u00e7as clim\u00e1ticas.&nbsp;<\/p>\n\n\n\n<p><strong>Quer saber mais sobre a import\u00e2ncia dos cr\u00e9ditos de carbono e como ele pode ser gerado<\/strong>? Convidamos voc\u00ea a acompanhar esse conte\u00fado produzido por n\u00f3s, do <a href=\"https:\/\/gruposeamaster-site.com.br\/logistica\/blog\/\"><strong>Blog da Sea Master<\/strong><\/a>, em parceria com nossos especialistas.<\/p>\n\n\n\n<p><em>Veja mais-&nbsp; <\/em><a href=\"https:\/\/gruposeamaster-site.com.br\/logistica\/o-que-voce-precisa-saber-sobre-o-transporte-de-produtos-e-residuos-perigosos\/\"><em>O que voc\u00ea precisa saber sobre o transporte de produtos e res\u00edduos perigosos<\/em><\/a><\/p>\n\n\n\n<p><strong>Cr\u00e9ditos de carbono e a redu\u00e7\u00e3o da emiss\u00e3o de GEE!\u00a0<\/strong><\/p>\n\n\n\n<div class=\"wp-block-image\"><figure class=\"alignleft size-full is-resized\"><img loading=\"lazy\" src=\"https:\/\/gruposeamaster-site.com.br\/ambiental\/wp-content\/uploads\/2023\/12\/Como-calcular-credito-de-carbono-1.jpg\" alt=\"\" class=\"wp-image-2348\" width=\"417\" height=\"278\" srcset=\"https:\/\/gruposeamaster-site.com.br\/ambiental\/wp-content\/uploads\/2023\/12\/Como-calcular-credito-de-carbono-1.jpg 1000w, https:\/\/gruposeamaster-site.com.br\/ambiental\/wp-content\/uploads\/2023\/12\/Como-calcular-credito-de-carbono-1-300x200.jpg 300w, https:\/\/gruposeamaster-site.com.br\/ambiental\/wp-content\/uploads\/2023\/12\/Como-calcular-credito-de-carbono-1-768x512.jpg 768w\" sizes=\"(max-width: 417px) 100vw, 417px\" \/><\/figure><\/div>\n\n\n\n<p>A visibilidade em torno do termo <strong>cr\u00e9ditos de carbono <\/strong>acontece h\u00e1 muitos anos, visto que no ano de 1997, no Jap\u00e3o, foi criado o <a href=\"https:\/\/ipam.org.br\/glossario\/protocolo-de-quioto\/\"><strong>Protocolo de Quioto<\/strong><\/a>, documento que<strong> <\/strong>decide que os pa\u00edses signat\u00e1rios devem se responsabilizar com compromissos mais r\u00edgidos para a redu\u00e7\u00e3o das emiss\u00f5es de <strong>gases de efeito estufa<\/strong>. A monetiza\u00e7\u00e3o da redu\u00e7\u00e3o dessas emiss\u00f5es representam um importante item mercadol\u00f3gico, e no Brasil, ele \u00e9 estabelecido pelo <a href=\"https:\/\/www2.camara.leg.br\/legin\/fed\/decret\/2022\/decreto-11075-19-maio-2022-792682-publicacaooriginal-165314-pe.html\"><strong>Decreto n\u00b0 11075 de 2022<\/strong><\/a>, que estabelece os procedimentos para elabora\u00e7\u00e3o dos Planos Setoriais, e institui o <a href=\"https:\/\/www.gov.br\/mcti\/pt-br\/acompanhe-o-mcti\/cgcl\/paginas\/sistema-de-registro-nacional-de-emissoes-sirene\"><strong>Sistema Nacional de Redu\u00e7\u00e3o de Emiss\u00f5es de GEE<\/strong><\/a>.\u00a0<\/p>\n\n\n\n<p>O <strong>cr\u00e9dito <\/strong><strong>de carbono \u00e9 <\/strong>como um t\u00edtulo monet\u00e1rio<strong>, <\/strong>e<strong> <\/strong>representa uma tonelada de carbono que n\u00e3o foi emitido, logo j\u00e1 \u00e9 uma vantagem. Al\u00e9m disso, no quesito financeiro, \u00e9 importante tamb\u00e9m, pois a venda dos <strong>cr\u00e9ditos de carbono<\/strong> no mercado corrobora para uma receita adicional \u00e0s empresas, que contribui para o diferencial competitivo e as possibilidades econ\u00f4micas de futuros projetos sustent\u00e1veis. Confira outras <strong>vantagens promovidas pelo cr\u00e9dito de carbono<\/strong>:<\/p>\n\n\n\n<ul><li>Compromisso socioambiental;<br \/><\/li><li>Ganhos financeiros industriais no pa\u00eds;<br \/><\/li><li>Aux\u00edlio aos demais pa\u00edses que n\u00e3o s\u00e3o capazes de reduzir os <strong>cr\u00e9ditos de carbono<\/strong>.<\/li><\/ul>\n\n\n\n<p><strong>&nbsp;Entenda como \u00e9 poss\u00edvel gerar o cr\u00e9dito de carbono!<\/strong><\/p>\n\n\n\n<p>De acordo com dados da consultoria realizada pela <a href=\"https:\/\/www.mckinsey.com\/br\/our-insights\/all-insights\/mercado-voluntario-de-carbono-tem-potencial-gigantesco-no-brasil\"><strong>McKensey&Company<\/strong><\/a>,o Brasil concentra cerca de 15% do potencial global de <strong>captura de carbono <\/strong>por meios naturais. A pesquisa indica, ainda, que o Brasil tem a possibilidade de acolher at\u00e9 <a href=\"https:\/\/www.mckinsey.com\/br\/our-insights\/all-insights\/mercado-voluntario-de-carbono-tem-potencial-gigantesco-no-brasil\"><strong>48,7% da demanda por cr\u00e9dito de carbono<\/strong><\/a>. Desse modo, pode-se considerar as diversas formas existentes de <strong>gerar os cr\u00e9ditos de carbono<\/strong>, por exemplo:<\/p>\n\n\n\n<ul><li>Substituir o uso dos combust\u00edveis nas f\u00e1bricas;<\/li><li>Realizar a destina\u00e7\u00e3o adequada de res\u00edduos s\u00f3lidos<\/li><li>Restaurar as florestas\/biomas;<\/li><li>Praticar a redu\u00e7\u00e3o do desmatamento.<\/li><\/ul>\n\n\n\n<p><strong>Saiba como n\u00f3s, da Sea Master Ambiental, lidamos com este assunto! Confira!<\/strong><\/p>\n\n\n\n<div class=\"wp-block-image\"><figure class=\"alignright size-full is-resized\"><img loading=\"lazy\" src=\"https:\/\/gruposeamaster-site.com.br\/ambiental\/wp-content\/uploads\/2023\/12\/meio-ambiente-2.jpg\" alt=\"\" class=\"wp-image-2351\" width=\"427\" height=\"284\" srcset=\"https:\/\/gruposeamaster-site.com.br\/ambiental\/wp-content\/uploads\/2023\/12\/meio-ambiente-2.jpg 1000w, https:\/\/gruposeamaster-site.com.br\/ambiental\/wp-content\/uploads\/2023\/12\/meio-ambiente-2-300x200.jpg 300w, https:\/\/gruposeamaster-site.com.br\/ambiental\/wp-content\/uploads\/2023\/12\/meio-ambiente-2-768x512.jpg 768w\" sizes=\"(max-width: 427px) 100vw, 427px\" \/><\/figure><\/div>\n\n\n\n<p>Entre as principais metas da nossa empresa, est\u00e1 o controle na redu\u00e7\u00e3o de<strong> emiss\u00e3o de gases na atmosfera<\/strong>. Seguimos os principais <strong>pilares do ESG<\/strong> e, por isso, investimos na preserva\u00e7\u00e3o ambiental como parte do nosso servi\u00e7o. Os <strong>cr\u00e9ditos de carbono<\/strong> incentivam a inova\u00e7\u00e3o e fomentam, tamb\u00e9m, a sustentabilidade, portanto, para n\u00f3s, do <a href=\"https:\/\/www.gruposeamaster-site.com.br\/\"><strong>Grupo Sea Master<\/strong><\/a>, \u00e9 fundamental cuidar do futuro.&nbsp;<\/p>\n\n\n\n<p class=\"has-text-align-left\">Nesse sentido, temos desenvolvido um trabalho de excel\u00eancia por meio da coleta seletiva de todos os itens de manuten\u00e7\u00e3o, o envio de res\u00edduos para reciclagem, a utiliza\u00e7\u00e3o de \u00e1gua de reuso na lavagem dos nossos ve\u00edculos, o manuseio de energia limpa e renov\u00e1vel por meio da gera\u00e7\u00e3o do biog\u00e1s em aterros sanit\u00e1rios, a utiliza\u00e7\u00e3o de equipamentos de \u00faltima gera\u00e7\u00e3o para mitigar contamina\u00e7\u00f5es n\u00e3o apenas do ar mas, tamb\u00e9m, do solo e da \u00e1gua. Al\u00e9m disso, temos incentivado diariamente atitudes sustent\u00e1veis com a nossa equipe. Isso tudo por meio da realiza\u00e7\u00e3o da compostagem, que \u00e9 feita com os res\u00edduos que s\u00e3o produzidos dentro da pr\u00f3pria empresa e, tamb\u00e9m, da horta org\u00e2nica, que fica em nossa sede, onde todos os colaboradores participam ativamente do cuidado, visto que por meio dela, eles experienciam um contato direto com o meio ambiente e aprendem sobre o consumo sustent\u00e1vel.&nbsp;<\/p>\n\n\n\n<p><br \/><strong>Fique por dentro das novidades com a Sea Master<\/strong><strong><br \/><\/strong><strong><br \/><\/strong>Acompanhe o <a href=\"https:\/\/gruposeamaster-site.com.br\/logistica\/blog\/\"><strong>nosso Blog<\/strong><\/a> para ficar por dentro das novidades, com materiais, projetos e as principais tend\u00eancias que tornam o nosso compromisso cada vez mais consciente!<\/p>\n\n\n\n<p><a href=\"https:\/\/gruposeamaster-site.com.br\/logistica\/o-que-a-politica-nacional-de-residuos-solidos-pnrs-tem-a-dizer-sobre-a-responsabilidade-compartilhada-a-logistica-reversa-e-o-plano-de-gerenciamento-de-residuos-solidos-pgrs\/\">O que a Pol\u00edtica Nacional de Res\u00edduos S\u00f3lidos (PNRS) tem a dizer sobre a responsabilidade compartilhada?\u00a0<\/a><br \/><br \/><a href=\"https:\/\/gruposeamaster-site.com.br\/logistica\/por-que-e-tao-importante-a-existencia-de-um-marco-legal-como-a-politica-nacional-de-residuos-solidos-pnrs\/\">Por que \u00e9 t\u00e3o importante a exist\u00eancia de um marco legal como a PNRS?<\/a><\/p>\n","protected":false},"excerpt":{"rendered":"<p>Os cr\u00e9ditos de carbono representam, de modo geral, mecanismos que visam a diminui\u00e7\u00e3o dos gases de efeito estufa (GEE) e demais gases que podem desencadear diversos problemas ambientais diretamente relacionados \u00e0 mudan\u00e7a clim\u00e1tica. A primeira reuni\u00e3o not\u00e1vel sobre o assunto, foi realizada no ano de 1972, na confer\u00eancia de Estocolmo. O objetivo desse evento estava<\/p>\n","protected":false},"author":2,"featured_media":2346,"comment_status":"open","ping_status":"open","sticky":false,"template":"","format":"standard","meta":[],"categories":[1],"tags":[26,24,27,25],"_links":{"self":[{"href":"https:\/\/gruposeamaster-site.com.br\/ambiental\/wp-json\/wp\/v2\/posts\/2345"}],"collection":[{"href":"https:\/\/gruposeamaster-site.com.br\/ambiental\/wp-json\/wp\/v2\/posts"}],"about":[{"href":"https:\/\/gruposeamaster-site.com.br\/ambiental\/wp-json\/wp\/v2\/types\/post"}],"author":[{"embeddable":true,"href":"https:\/\/gruposeamaster-site.com.br\/ambiental\/wp-json\/wp\/v2\/users\/2"}],"replies":[{"embeddable":true,"href":"https:\/\/gruposeamaster-site.com.br\/ambiental\/wp-json\/wp\/v2\/comments?post=2345"}],"version-history":[{"count":5,"href":"https:\/\/gruposeamaster-site.com.br\/ambiental\/wp-json\/wp\/v2\/posts\/2345\/revisions"}],"predecessor-version":[{"id":2356,"href":"https:\/\/gruposeamaster-site.com.br\/ambiental\/wp-json\/wp\/v2\/posts\/2345\/revisions\/2356"}],"wp:featuredmedia":[{"embeddable":true,"href":"https:\/\/gruposeamaster-site.com.br\/ambiental\/wp-json\/wp\/v2\/media\/2346"}],"wp:attachment":[{"href":"https:\/\/gruposeamaster-site.com.br\/ambiental\/wp-json\/wp\/v2\/media?parent=2345"}],"wp:term":[{"taxonomy":"category","embeddable":true,"href":"https:\/\/gruposeamaster-site.com.br\/ambiental\/wp-json\/wp\/v2\/categories?post=2345"},{"taxonomy":"post_tag","embeddable":true,"href":"https:\/\/gruposeamaster-site.com.br\/ambiental\/wp-json\/wp\/v2\/tags?post=2345"}],"curies":[{"name":"wp","href":"https:\/\/api.w.org\/{rel}","templated":true}]}}